{"id":14088,"date":"2021-10-13T11:03:52","date_gmt":"2021-10-13T14:03:52","guid":{"rendered":"https:\/\/greenracingnews.com\/?p=14088"},"modified":"2021-10-13T11:03:55","modified_gmt":"2021-10-13T14:03:55","slug":"rodi-basso-soy-un-ferviente-creyente-de-la-combinacion-entre-deporte-y-tecnologia","status":"publish","type":"post","link":"https:\/\/greensportsnews.com\/es\/rodi-basso-soy-un-ferviente-creyente-de-la-combinacion-entre-deporte-y-tecnologia\/","title":{"rendered":"Rodi Basso: \u00abSoy un ferviente creyente de la combinaci\u00f3n entre deporte y tecnolog\u00eda\u00bb"},"content":{"rendered":"\n<p>Las categor\u00edas el\u00e9ctricas poco a poco se han apoderado de los deportes de competici\u00f3n. Tierra, mar y aire han sido tomados por diversas series que buscan trasladar la sostenibilidad en todos los sectores de la movilidad. E1 Series es una de ellas, divisi\u00f3n que tiene como objetivo electrificar el mar, generar consciencia, y por supuesto, brindar carreras emocionantes, llamativas y atractivas.<\/p>\n\n\n\n<p>Rodi Basso estuvo presente en el segundo <a href=\"https:\/\/www.youtube.com\/watch?v=XkOFJ32OI_w&amp;t=6204s\" target=\"_blank\" rel=\"noreferrer noopener nofollow\"><span class=\"has-inline-color has-vivid-green-cyan-color\">Summit Vitual organizado por Green Racing News<\/span><\/a>. All\u00ed, el CEO de la categor\u00eda revel\u00f3 detalles importantes y aspectos a tener en consideraci\u00f3n con respecto a la revoluci\u00f3n mar\u00edtima que se aproxima, durante una conversaci\u00f3n amena dirigida por Juan Mor\u00e1n, Global Customer Director de DHL.<\/p>\n\n\n\n<p>\u00abTodo comenz\u00f3 en tiempos de pandemia. Estaba conversando con Alejandro (Agag) sobre diferentes eventos y negocios. All\u00ed mencion\u00f3 haber invertido en una startup situada en Londres llamada SeaBird Technologies, me pregunt\u00f3 por diferentes materiales, tecnolog\u00edas, fibra de carbono sostenible que puedes reutilizar. Entonces, cuando Alejandro me hac\u00eda estas preguntas inmediatamente vi una oportunidad de construir una plataforma de carreras\u00bb.<\/p>\n\n\n\n<blockquote class=\"wp-block-quote is-layout-flow wp-block-quote-is-layout-flow\"><p><span class=\"has-inline-color has-vivid-green-cyan-color\"><em>\u00abSoy un ferviente creyente de la combinaci\u00f3n entre deporte y tecnolog\u00eda\u00bb<\/em><\/span><\/p><cite>Rodi Basso<\/cite><\/blockquote>\n\n\n\n<p>E1 Series tiene uno de los objetivos m\u00e1s transparentes con respecto a la integraci\u00f3n de deporte, sostenibilidad y paisajes oce\u00e1nicos. \u00abPuedes mostrarle al mundo c\u00f3mo disfrutar con la tecnolog\u00eda con una nueva ola de experiencias en la movilidad mar\u00edtima. Disfrutar el agua, divertirte y ser respetuoso con este importante elemento del ecosistema\u00bb, dijo.<\/p>\n\n\n\n<p>Sin duda alguna, la categor\u00eda el\u00e9ctrica de competici\u00f3n en botes planea hacer eventos por todo lo alto, donde las personas puedan reunirse en lugares incre\u00edbles mientras <a href=\"https:\/\/greensportsnews.com\/racebird-impressed-in-monaco-after-the-official-presentation\/\" target=\"_blank\" rel=\"noreferrer noopener\"><span class=\"has-inline-color has-vivid-green-cyan-color\">disfrutan del RaceBird recorriendo las aguas<\/span><\/a> a velocidades incre\u00edbles, sin olvidar el objetivo principal de apostar por la movilidad y conductas verdes.<\/p>\n\n\n\n<p><strong>Contenido relacionado:<\/strong><span class=\"has-inline-color has-vivid-green-cyan-color\"> <\/span><a href=\"https:\/\/greensportsnews.com\/es\/e1-series-crece-la-categoria-se-asocia-con-navico\/\" target=\"_blank\" rel=\"noreferrer noopener nofollow\"><span class=\"has-inline-color has-vivid-green-cyan-color\">E1 Series crece: la categor\u00eda se asocia con Navico<\/span><\/a><\/p>\n\n\n\n<p>\u00abEstamos apuntando a solo 10 lugares en la primera temporada. Pero, estamos hablando con 70 ciudades, entablando diferentes niveles de conversaci\u00f3n para que sean anfitriones de las carreras, claro, es un reto imposible tener todas\u00bb. De hecho, despu\u00e9s de estas carreras que ya hemos decidido estaremos en M\u00f3naco, Rotterdam y Budapest\u00bb.<\/p>\n\n\n\n<figure class=\"wp-block-image size-large\"><img fetchpriority=\"high\" decoding=\"async\" width=\"1024\" height=\"576\" src=\"https:\/\/greensportsnews.com\/wp-content\/uploads\/2021\/06\/Racebird-3-1024x576.jpg\" alt=\"\" class=\"wp-image-6800\" srcset=\"https:\/\/greensportsnews.com\/wp-content\/uploads\/2021\/06\/Racebird-3-1024x576.jpg 1024w, https:\/\/greensportsnews.com\/wp-content\/uploads\/2021\/06\/Racebird-3-300x169.jpg 300w, https:\/\/greensportsnews.com\/wp-content\/uploads\/2021\/06\/Racebird-3-768x432.jpg 768w, https:\/\/greensportsnews.com\/wp-content\/uploads\/2021\/06\/Racebird-3-1536x864.jpg 1536w, https:\/\/greensportsnews.com\/wp-content\/uploads\/2021\/06\/Racebird-3-2048x1152.jpg 2048w, https:\/\/greensportsnews.com\/wp-content\/uploads\/2021\/06\/Racebird-3-750x422.jpg 750w, https:\/\/greensportsnews.com\/wp-content\/uploads\/2021\/06\/Racebird-3-1140x641.jpg 1140w\" sizes=\"(max-width: 1024px) 100vw, 1024px\" \/><figcaption>RaceBird (Foto: E1 Series)<\/figcaption><\/figure>\n\n\n\n<p>Por otro lado, con respecto al transporte log\u00edstico de la categor\u00eda, Basso detall\u00f3 c\u00f3mo se preparan para contaminar lo menos posible en los viajes entre carreras. \u00abConstruiremos una serie de sets de lanchas dependiendo de d\u00f3nde estar\u00e1 la distribuci\u00f3n del campeonato. Usaremos el barco ST. de Extreme E, adem\u00e1s, tendremos otro set de botes que ir\u00e1n en conjunto con dicho campeonato\u00bb. E1 Series tendr\u00e1 embarcaciones espec\u00edficas para ciertos lugares con la intenci\u00f3n de reducir las grandes distancias, y por consiguiente, las emisiones.<\/p>\n\n\n\n<p><strong>Redacci\u00f3n<\/strong> | Ronald Ortega<\/p>\n","protected":false},"excerpt":{"rendered":"<p>Las categor\u00edas el\u00e9ctricas poco a poco se han apoderado de los deportes de competici\u00f3n. Tierra, mar y aire han sido tomados por diversas series que buscan trasladar la sostenibilidad en todos los sectores de la movilidad. E1 Series es una de ellas, divisi\u00f3n que tiene como objetivo electrificar el mar, generar consciencia, y por supuesto, [&hellip;]<\/p>\n","protected":false},"author":7,"featured_media":0,"comment_status":"closed","ping_status":"closed","sticky":false,"template":"","format":"standard","meta":{"jnews-multi-image_gallery":[],"jnews_single_post":{"subtitle":"","format":"standard","video":"","gallery":"","source_name":"","source_url":"","via_name":"","via_url":"","override":[{"single_blog_custom":"","sidebar":"","second_sidebar":"","share_position":"","share_float_style":"","post_date_format":"","post_date_format_custom":"","post_reading_time_wpm":"","zoom_button_out_step":"1","zoom_button_in_step":"1","number_popup_post":"1"}],"image_override":[{"single_post_thumbnail_size":"","single_post_gallery_size":""}],"trending_post_position":"","trending_post_label":"","sponsored_post_label":"","sponsored_post_name":"","sponsored_post_url":"","sponsored_post_logo":"","sponsored_post_desc":""},"jnews_primary_category":{"id":""},"jnews_override_counter":{"view_counter_number":"0","share_counter_number":"0","like_counter_number":"0","dislike_counter_number":"0"},"footnotes":""},"categories":[48],"tags":[313,364,2615,103],"class_list":["post-14088","post","type-post","status-publish","format-standard","hentry","category-sin-categorizar","tag-carreras-electricas","tag-e1-series-2","tag-racebird-e1-series","tag-sostenibilidad"],"yoast_head":"<!-- This site is optimized with the Yoast SEO Premium plugin v22.7 (Yoast SEO v26.3) - https:\/\/yoast.com\/wordpress\/plugins\/seo\/ -->\n<title>Rodi Basso: &quot;Soy un ferviente creyente de la combinaci\u00f3n entre deporte y tecnolog\u00eda&quot; - Green Racing News<\/title>\n<meta name=\"description\" content=\"Rodi Basso convers\u00f3 en el Green Racing Virtual Summit #2 acerca de E1 Series, la primera categor\u00eda 100% el\u00e9ctrica de competici\u00f3n mar\u00edtima\" \/>\n<meta name=\"robots\" content=\"index, follow, max-snippet:-1, max-image-preview:large, max-video-preview:-1\" \/>\n<link rel=\"canonical\" href=\"https:\/\/greensportsnews.com\/es\/rodi-basso-soy-un-ferviente-creyente-de-la-combinacion-entre-deporte-y-tecnologia\/\" \/>\n<meta property=\"og:locale\" content=\"es_ES\" \/>\n<meta property=\"og:type\" content=\"article\" \/>\n<meta property=\"og:title\" content=\"Rodi Basso: &quot;Soy un ferviente creyente de la combinaci\u00f3n entre deporte y tecnolog\u00eda&quot;\" \/>\n<meta property=\"og:description\" content=\"Rodi Basso convers\u00f3 en el Green Racing Virtual Summit #2 acerca de E1 Series, la primera categor\u00eda 100% el\u00e9ctrica de competici\u00f3n mar\u00edtima\" \/>\n<meta property=\"og:url\" content=\"https:\/\/greensportsnews.com\/es\/rodi-basso-soy-un-ferviente-creyente-de-la-combinacion-entre-deporte-y-tecnologia\/\" \/>\n<meta property=\"og:site_name\" content=\"Green Racing News\" \/>\n<meta property=\"article:publisher\" content=\"https:\/\/www.facebook.com\/greensportsnews\" \/>\n<meta property=\"article:published_time\" content=\"2021-10-13T14:03:52+00:00\" \/>\n<meta property=\"article:modified_time\" content=\"2021-10-13T14:03:55+00:00\" \/>\n<meta property=\"og:image\" content=\"https:\/\/greensportsnews.com\/wp-content\/uploads\/2021\/10\/Rodi_Basso.jpg\" \/>\n\t<meta property=\"og:image:width\" content=\"1366\" \/>\n\t<meta property=\"og:image:height\" content=\"768\" \/>\n\t<meta property=\"og:image:type\" content=\"image\/jpeg\" \/>\n<meta name=\"author\" content=\"Antonio Vilela\" \/>\n<meta name=\"twitter:card\" content=\"summary_large_image\" \/>\n<meta name=\"twitter:title\" content=\"Rodi Basso: &quot;Soy un ferviente creyente de la combinaci\u00f3n entre deporte y tecnolog\u00eda&quot;\" \/>\n<meta name=\"twitter:description\" content=\"Rodi Basso convers\u00f3 en el Green Racing Virtual Summit #2 acerca de E1 Series, la primera categor\u00eda 100% el\u00e9ctrica de competici\u00f3n mar\u00edtima\" \/>\n<meta name=\"twitter:creator\" content=\"@antoniovilela\" \/>\n<meta name=\"twitter:site\" content=\"@Greenracingnews\" \/>\n<meta name=\"twitter:label1\" content=\"Escrito por\" \/>\n\t<meta name=\"twitter:data1\" content=\"Antonio Vilela\" \/>\n\t<meta name=\"twitter:label2\" content=\"Tiempo de lectura\" \/>\n\t<meta name=\"twitter:data2\" content=\"2 minutos\" \/>\n<script type=\"application\/ld+json\" class=\"yoast-schema-graph\">{\"@context\":\"https:\/\/schema.org\",\"@graph\":[{\"@type\":\"NewsArticle\",\"@id\":\"https:\/\/greensportsnews.com\/es\/rodi-basso-soy-un-ferviente-creyente-de-la-combinacion-entre-deporte-y-tecnologia\/#article\",\"isPartOf\":{\"@id\":\"https:\/\/greensportsnews.com\/es\/rodi-basso-soy-un-ferviente-creyente-de-la-combinacion-entre-deporte-y-tecnologia\/\"},\"author\":{\"name\":\"Antonio Vilela\",\"@id\":\"https:\/\/greensportsnews.com\/es\/#\/schema\/person\/cec89cd9572eb1169a2f35856f6ee4d2\"},\"headline\":\"Rodi Basso: \u00abSoy un ferviente creyente de la combinaci\u00f3n entre deporte y tecnolog\u00eda\u00bb\",\"datePublished\":\"2021-10-13T14:03:52+00:00\",\"dateModified\":\"2021-10-13T14:03:55+00:00\",\"mainEntityOfPage\":{\"@id\":\"https:\/\/greensportsnews.com\/es\/rodi-basso-soy-un-ferviente-creyente-de-la-combinacion-entre-deporte-y-tecnologia\/\"},\"wordCount\":488,\"publisher\":{\"@id\":\"https:\/\/greensportsnews.com\/es\/#organization\"},\"image\":{\"@id\":\"https:\/\/greensportsnews.com\/es\/rodi-basso-soy-un-ferviente-creyente-de-la-combinacion-entre-deporte-y-tecnologia\/#primaryimage\"},\"thumbnailUrl\":\"https:\/\/greensportsnews.com\/wp-content\/uploads\/2021\/06\/Racebird-3-1024x576.jpg\",\"keywords\":[\"Carreras el\u00e9ctricas\",\"e1 series\",\"RaceBird E1 Series\",\"Sostenibilidad\"],\"articleSection\":[\"Sin categorizar\"],\"inLanguage\":\"es\",\"copyrightYear\":\"2021\",\"copyrightHolder\":{\"@id\":\"https:\/\/greensportsnews.com\/#organization\"}},{\"@type\":\"WebPage\",\"@id\":\"https:\/\/greensportsnews.com\/es\/rodi-basso-soy-un-ferviente-creyente-de-la-combinacion-entre-deporte-y-tecnologia\/\",\"url\":\"https:\/\/greensportsnews.com\/es\/rodi-basso-soy-un-ferviente-creyente-de-la-combinacion-entre-deporte-y-tecnologia\/\",\"name\":\"Rodi Basso: \\\"Soy un ferviente creyente de la combinaci\u00f3n entre deporte y tecnolog\u00eda\\\" - Green Racing News\",\"isPartOf\":{\"@id\":\"https:\/\/greensportsnews.com\/es\/#website\"},\"primaryImageOfPage\":{\"@id\":\"https:\/\/greensportsnews.com\/es\/rodi-basso-soy-un-ferviente-creyente-de-la-combinacion-entre-deporte-y-tecnologia\/#primaryimage\"},\"image\":{\"@id\":\"https:\/\/greensportsnews.com\/es\/rodi-basso-soy-un-ferviente-creyente-de-la-combinacion-entre-deporte-y-tecnologia\/#primaryimage\"},\"thumbnailUrl\":\"https:\/\/greensportsnews.com\/wp-content\/uploads\/2021\/06\/Racebird-3-1024x576.jpg\",\"datePublished\":\"2021-10-13T14:03:52+00:00\",\"dateModified\":\"2021-10-13T14:03:55+00:00\",\"description\":\"Rodi Basso convers\u00f3 en el Green Racing Virtual Summit #2 acerca de E1 Series, la primera categor\u00eda 100% el\u00e9ctrica de competici\u00f3n mar\u00edtima\",\"breadcrumb\":{\"@id\":\"https:\/\/greensportsnews.com\/es\/rodi-basso-soy-un-ferviente-creyente-de-la-combinacion-entre-deporte-y-tecnologia\/#breadcrumb\"},\"inLanguage\":\"es\",\"potentialAction\":[{\"@type\":\"ReadAction\",\"target\":[\"https:\/\/greensportsnews.com\/es\/rodi-basso-soy-un-ferviente-creyente-de-la-combinacion-entre-deporte-y-tecnologia\/\"]}]},{\"@type\":\"ImageObject\",\"inLanguage\":\"es\",\"@id\":\"https:\/\/greensportsnews.com\/es\/rodi-basso-soy-un-ferviente-creyente-de-la-combinacion-entre-deporte-y-tecnologia\/#primaryimage\",\"url\":\"https:\/\/greensportsnews.com\/wp-content\/uploads\/2021\/06\/Racebird-3-1024x576.jpg\",\"contentUrl\":\"https:\/\/greensportsnews.com\/wp-content\/uploads\/2021\/06\/Racebird-3-1024x576.jpg\"},{\"@type\":\"BreadcrumbList\",\"@id\":\"https:\/\/greensportsnews.com\/es\/rodi-basso-soy-un-ferviente-creyente-de-la-combinacion-entre-deporte-y-tecnologia\/#breadcrumb\",\"itemListElement\":[{\"@type\":\"ListItem\",\"position\":1,\"name\":\"Home\",\"item\":\"https:\/\/greensportsnews.com\/es\/\"},{\"@type\":\"ListItem\",\"position\":2,\"name\":\"Rodi Basso: \u00abSoy un ferviente creyente de la combinaci\u00f3n entre deporte y tecnolog\u00eda\u00bb\"}]},{\"@type\":\"WebSite\",\"@id\":\"https:\/\/greensportsnews.com\/es\/#website\",\"url\":\"https:\/\/greensportsnews.com\/es\/\",\"name\":\"Green Sports News\",\"description\":\"Sustainable Sports community &amp; news\",\"publisher\":{\"@id\":\"https:\/\/greensportsnews.com\/es\/#organization\"},\"alternateName\":\"GSN\",\"potentialAction\":[{\"@type\":\"SearchAction\",\"target\":{\"@type\":\"EntryPoint\",\"urlTemplate\":\"https:\/\/greensportsnews.com\/es\/?s={search_term_string}\"},\"query-input\":{\"@type\":\"PropertyValueSpecification\",\"valueRequired\":true,\"valueName\":\"search_term_string\"}}],\"inLanguage\":\"es\"},{\"@type\":\"Organization\",\"@id\":\"https:\/\/greensportsnews.com\/es\/#organization\",\"name\":\"Green Racing News\",\"url\":\"https:\/\/greensportsnews.com\/es\/\",\"logo\":{\"@type\":\"ImageObject\",\"inLanguage\":\"es\",\"@id\":\"https:\/\/greensportsnews.com\/es\/#\/schema\/logo\/image\/\",\"url\":\"https:\/\/greensportsnews.com\/wp-content\/uploads\/2020\/12\/logo.png\",\"contentUrl\":\"https:\/\/greensportsnews.com\/wp-content\/uploads\/2020\/12\/logo.png\",\"width\":328,\"height\":96,\"caption\":\"Green Racing News\"},\"image\":{\"@id\":\"https:\/\/greensportsnews.com\/es\/#\/schema\/logo\/image\/\"},\"sameAs\":[\"https:\/\/www.facebook.com\/greensportsnews\",\"https:\/\/x.com\/Greenracingnews\",\"https:\/\/www.instagram.com\/greensportsnews\/\",\"https:\/\/www.linkedin.com\/company\/greensportsnews\",\"https:\/\/www.youtube.com\/@greensportsnews\"]},{\"@type\":\"Person\",\"@id\":\"https:\/\/greensportsnews.com\/es\/#\/schema\/person\/cec89cd9572eb1169a2f35856f6ee4d2\",\"name\":\"Antonio Vilela\",\"image\":{\"@type\":\"ImageObject\",\"inLanguage\":\"es\",\"@id\":\"https:\/\/greensportsnews.com\/es\/#\/schema\/person\/image\/\",\"url\":\"https:\/\/secure.gravatar.com\/avatar\/7eee8196fd2fda180806d7b41cd517f274d5ad3b9f65d873feb3ca7e2b3a72d2?s=96&d=mm&r=g\",\"contentUrl\":\"https:\/\/secure.gravatar.com\/avatar\/7eee8196fd2fda180806d7b41cd517f274d5ad3b9f65d873feb3ca7e2b3a72d2?s=96&d=mm&r=g\",\"caption\":\"Antonio Vilela\"},\"sameAs\":[\"https:\/\/x.com\/antoniovilela\"],\"url\":\"https:\/\/greensportsnews.com\/es\/author\/antoniovilela\/\"}]}<\/script>\n<!-- \/ Yoast SEO Premium plugin. -->","yoast_head_json":{"title":"Rodi Basso: \"Soy un ferviente creyente de la combinaci\u00f3n entre deporte y tecnolog\u00eda\" - Green Racing News","description":"Rodi Basso convers\u00f3 en el Green Racing Virtual Summit #2 acerca de E1 Series, la primera categor\u00eda 100% el\u00e9ctrica de competici\u00f3n mar\u00edtima","robots":{"index":"index","follow":"follow","max-snippet":"max-snippet:-1","max-image-preview":"max-image-preview:large","max-video-preview":"max-video-preview:-1"},"canonical":"https:\/\/greensportsnews.com\/es\/rodi-basso-soy-un-ferviente-creyente-de-la-combinacion-entre-deporte-y-tecnologia\/","og_locale":"es_ES","og_type":"article","og_title":"Rodi Basso: \"Soy un ferviente creyente de la combinaci\u00f3n entre deporte y tecnolog\u00eda\"","og_description":"Rodi Basso convers\u00f3 en el Green Racing Virtual Summit #2 acerca de E1 Series, la primera categor\u00eda 100% el\u00e9ctrica de competici\u00f3n mar\u00edtima","og_url":"https:\/\/greensportsnews.com\/es\/rodi-basso-soy-un-ferviente-creyente-de-la-combinacion-entre-deporte-y-tecnologia\/","og_site_name":"Green Racing News","article_publisher":"https:\/\/www.facebook.com\/greensportsnews","article_published_time":"2021-10-13T14:03:52+00:00","article_modified_time":"2021-10-13T14:03:55+00:00","og_image":[{"width":1366,"height":768,"url":"https:\/\/greensportsnews.com\/wp-content\/uploads\/2021\/10\/Rodi_Basso.jpg","type":"image\/jpeg"}],"author":"Antonio Vilela","twitter_card":"summary_large_image","twitter_title":"Rodi Basso: \"Soy un ferviente creyente de la combinaci\u00f3n entre deporte y tecnolog\u00eda\"","twitter_description":"Rodi Basso convers\u00f3 en el Green Racing Virtual Summit #2 acerca de E1 Series, la primera categor\u00eda 100% el\u00e9ctrica de competici\u00f3n mar\u00edtima","twitter_creator":"@antoniovilela","twitter_site":"@Greenracingnews","twitter_misc":{"Escrito por":"Antonio Vilela","Tiempo de lectura":"2 minutos"},"schema":{"@context":"https:\/\/schema.org","@graph":[{"@type":"NewsArticle","@id":"https:\/\/greensportsnews.com\/es\/rodi-basso-soy-un-ferviente-creyente-de-la-combinacion-entre-deporte-y-tecnologia\/#article","isPartOf":{"@id":"https:\/\/greensportsnews.com\/es\/rodi-basso-soy-un-ferviente-creyente-de-la-combinacion-entre-deporte-y-tecnologia\/"},"author":{"name":"Antonio Vilela","@id":"https:\/\/greensportsnews.com\/es\/#\/schema\/person\/cec89cd9572eb1169a2f35856f6ee4d2"},"headline":"Rodi Basso: \u00abSoy un ferviente creyente de la combinaci\u00f3n entre deporte y tecnolog\u00eda\u00bb","datePublished":"2021-10-13T14:03:52+00:00","dateModified":"2021-10-13T14:03:55+00:00","mainEntityOfPage":{"@id":"https:\/\/greensportsnews.com\/es\/rodi-basso-soy-un-ferviente-creyente-de-la-combinacion-entre-deporte-y-tecnologia\/"},"wordCount":488,"publisher":{"@id":"https:\/\/greensportsnews.com\/es\/#organization"},"image":{"@id":"https:\/\/greensportsnews.com\/es\/rodi-basso-soy-un-ferviente-creyente-de-la-combinacion-entre-deporte-y-tecnologia\/#primaryimage"},"thumbnailUrl":"https:\/\/greensportsnews.com\/wp-content\/uploads\/2021\/06\/Racebird-3-1024x576.jpg","keywords":["Carreras el\u00e9ctricas","e1 series","RaceBird E1 Series","Sostenibilidad"],"articleSection":["Sin categorizar"],"inLanguage":"es","copyrightYear":"2021","copyrightHolder":{"@id":"https:\/\/greensportsnews.com\/#organization"}},{"@type":"WebPage","@id":"https:\/\/greensportsnews.com\/es\/rodi-basso-soy-un-ferviente-creyente-de-la-combinacion-entre-deporte-y-tecnologia\/","url":"https:\/\/greensportsnews.com\/es\/rodi-basso-soy-un-ferviente-creyente-de-la-combinacion-entre-deporte-y-tecnologia\/","name":"Rodi Basso: \"Soy un ferviente creyente de la combinaci\u00f3n entre deporte y tecnolog\u00eda\" - Green Racing News","isPartOf":{"@id":"https:\/\/greensportsnews.com\/es\/#website"},"primaryImageOfPage":{"@id":"https:\/\/greensportsnews.com\/es\/rodi-basso-soy-un-ferviente-creyente-de-la-combinacion-entre-deporte-y-tecnologia\/#primaryimage"},"image":{"@id":"https:\/\/greensportsnews.com\/es\/rodi-basso-soy-un-ferviente-creyente-de-la-combinacion-entre-deporte-y-tecnologia\/#primaryimage"},"thumbnailUrl":"https:\/\/greensportsnews.com\/wp-content\/uploads\/2021\/06\/Racebird-3-1024x576.jpg","datePublished":"2021-10-13T14:03:52+00:00","dateModified":"2021-10-13T14:03:55+00:00","description":"Rodi Basso convers\u00f3 en el Green Racing Virtual Summit #2 acerca de E1 Series, la primera categor\u00eda 100% el\u00e9ctrica de competici\u00f3n mar\u00edtima","breadcrumb":{"@id":"https:\/\/greensportsnews.com\/es\/rodi-basso-soy-un-ferviente-creyente-de-la-combinacion-entre-deporte-y-tecnologia\/#breadcrumb"},"inLanguage":"es","potentialAction":[{"@type":"ReadAction","target":["https:\/\/greensportsnews.com\/es\/rodi-basso-soy-un-ferviente-creyente-de-la-combinacion-entre-deporte-y-tecnologia\/"]}]},{"@type":"ImageObject","inLanguage":"es","@id":"https:\/\/greensportsnews.com\/es\/rodi-basso-soy-un-ferviente-creyente-de-la-combinacion-entre-deporte-y-tecnologia\/#primaryimage","url":"https:\/\/greensportsnews.com\/wp-content\/uploads\/2021\/06\/Racebird-3-1024x576.jpg","contentUrl":"https:\/\/greensportsnews.com\/wp-content\/uploads\/2021\/06\/Racebird-3-1024x576.jpg"},{"@type":"BreadcrumbList","@id":"https:\/\/greensportsnews.com\/es\/rodi-basso-soy-un-ferviente-creyente-de-la-combinacion-entre-deporte-y-tecnologia\/#breadcrumb","itemListElement":[{"@type":"ListItem","position":1,"name":"Home","item":"https:\/\/greensportsnews.com\/es\/"},{"@type":"ListItem","position":2,"name":"Rodi Basso: \u00abSoy un ferviente creyente de la combinaci\u00f3n entre deporte y tecnolog\u00eda\u00bb"}]},{"@type":"WebSite","@id":"https:\/\/greensportsnews.com\/es\/#website","url":"https:\/\/greensportsnews.com\/es\/","name":"Green Sports News","description":"Sustainable Sports community &amp; news","publisher":{"@id":"https:\/\/greensportsnews.com\/es\/#organization"},"alternateName":"GSN","potentialAction":[{"@type":"SearchAction","target":{"@type":"EntryPoint","urlTemplate":"https:\/\/greensportsnews.com\/es\/?s={search_term_string}"},"query-input":{"@type":"PropertyValueSpecification","valueRequired":true,"valueName":"search_term_string"}}],"inLanguage":"es"},{"@type":"Organization","@id":"https:\/\/greensportsnews.com\/es\/#organization","name":"Green Racing News","url":"https:\/\/greensportsnews.com\/es\/","logo":{"@type":"ImageObject","inLanguage":"es","@id":"https:\/\/greensportsnews.com\/es\/#\/schema\/logo\/image\/","url":"https:\/\/greensportsnews.com\/wp-content\/uploads\/2020\/12\/logo.png","contentUrl":"https:\/\/greensportsnews.com\/wp-content\/uploads\/2020\/12\/logo.png","width":328,"height":96,"caption":"Green Racing News"},"image":{"@id":"https:\/\/greensportsnews.com\/es\/#\/schema\/logo\/image\/"},"sameAs":["https:\/\/www.facebook.com\/greensportsnews","https:\/\/x.com\/Greenracingnews","https:\/\/www.instagram.com\/greensportsnews\/","https:\/\/www.linkedin.com\/company\/greensportsnews","https:\/\/www.youtube.com\/@greensportsnews"]},{"@type":"Person","@id":"https:\/\/greensportsnews.com\/es\/#\/schema\/person\/cec89cd9572eb1169a2f35856f6ee4d2","name":"Antonio Vilela","image":{"@type":"ImageObject","inLanguage":"es","@id":"https:\/\/greensportsnews.com\/es\/#\/schema\/person\/image\/","url":"https:\/\/secure.gravatar.com\/avatar\/7eee8196fd2fda180806d7b41cd517f274d5ad3b9f65d873feb3ca7e2b3a72d2?s=96&d=mm&r=g","contentUrl":"https:\/\/secure.gravatar.com\/avatar\/7eee8196fd2fda180806d7b41cd517f274d5ad3b9f65d873feb3ca7e2b3a72d2?s=96&d=mm&r=g","caption":"Antonio Vilela"},"sameAs":["https:\/\/x.com\/antoniovilela"],"url":"https:\/\/greensportsnews.com\/es\/author\/antoniovilela\/"}]}},"_links":{"self":[{"href":"https:\/\/greensportsnews.com\/es\/wp-json\/wp\/v2\/posts\/14088","targetHints":{"allow":["GET"]}}],"collection":[{"href":"https:\/\/greensportsnews.com\/es\/wp-json\/wp\/v2\/posts"}],"about":[{"href":"https:\/\/greensportsnews.com\/es\/wp-json\/wp\/v2\/types\/post"}],"author":[{"embeddable":true,"href":"https:\/\/greensportsnews.com\/es\/wp-json\/wp\/v2\/users\/7"}],"replies":[{"embeddable":true,"href":"https:\/\/greensportsnews.com\/es\/wp-json\/wp\/v2\/comments?post=14088"}],"version-history":[{"count":14,"href":"https:\/\/greensportsnews.com\/es\/wp-json\/wp\/v2\/posts\/14088\/revisions"}],"predecessor-version":[{"id":14144,"href":"https:\/\/greensportsnews.com\/es\/wp-json\/wp\/v2\/posts\/14088\/revisions\/14144"}],"wp:attachment":[{"href":"https:\/\/greensportsnews.com\/es\/wp-json\/wp\/v2\/media?parent=14088"}],"wp:term":[{"taxonomy":"category","embeddable":true,"href":"https:\/\/greensportsnews.com\/es\/wp-json\/wp\/v2\/categories?post=14088"},{"taxonomy":"post_tag","embeddable":true,"href":"https:\/\/greensportsnews.com\/es\/wp-json\/wp\/v2\/tags?post=14088"}],"curies":[{"name":"wp","href":"https:\/\/api.w.org\/{rel}","templated":true}]}}