{"id":11002,"date":"2021-08-20T09:15:17","date_gmt":"2021-08-20T12:15:17","guid":{"rendered":"https:\/\/greenracingnews.com\/?p=11002"},"modified":"2021-08-20T09:15:18","modified_gmt":"2021-08-20T12:15:18","slug":"motoe-director-de-intac-gp-advierte-a-la-supersport-que-no-cedera-a-aegerter-ante-el-cruce-de-carreras","status":"publish","type":"post","link":"https:\/\/greensportsnews.com\/es\/motoe-director-de-intac-gp-advierte-a-la-supersport-que-no-cedera-a-aegerter-ante-el-cruce-de-carreras\/","title":{"rendered":"MotoE: Director de Intac GP advierte a la Supersport que no ceder\u00e1 a Aegerter ante el cruce de carreras"},"content":{"rendered":"\n<p>El piloto Dominique Aegerter vive un momento inc\u00f3modo en una parte crucial de las temporadas en las distintas categor\u00edas de motociclismo mundial. Tal como lo rese\u00f1\u00f3 <a href=\"https:\/\/greensportsnews.com\/dominique-aegerter-chooses-motoe-after-calendar-clash-with-supersport\/\" target=\"_blank\" rel=\"noreferrer noopener\"><span class=\"has-inline-color has-vivid-green-cyan-color\">Green Racing News<\/span><\/a> hace pocos d\u00edas, el suizo se encontr\u00f3 con un choque de calendarios entre las dos competencias que disputa a la vez: MotoE y el Campeonato Mundial de Supersport.<\/p>\n\n\n\n<p>Ante esta situaci\u00f3n, Jurgen Lingg, director del equipo Intact GP, para el que corre Aegerter en MotoE, ha negado rotundamente al corredor la posibilidad de asistir a la otra serie, puesto que seg\u00fan acuerdos previos, tienen prioridad.<\/p>\n\n\n\n<p>Lingg se\u00f1al\u00f3 que no aceptar\u00e1 cr\u00edticas en el caso de que Aegerter pierda el t\u00edtulo de la Supersport, torneo del cual es l\u00edder. Seis victorias en diez carreras disputadas lo encaminan hacia la gloria con Ten Kate Yamaha, pero en MotoE, aunque est\u00e1 en el cuarto puesto de la tabla, a\u00fan tiene buenas esperanzas de terminar en la cima.<\/p>\n\n\n\n<p class=\"has-medium-font-size\"><strong>Contenido relacionado:<\/strong> <a href=\"https:\/\/greensportsnews.com\/es\/lukas-tulovic-domina-en-austria-y-todo-se-definira-en-la-ultima-jornada\/\"><span style=\"color:#00a30f\" class=\"has-inline-color\">Lukas Tulovic domina en Austria y todo se definir\u00e1 en la \u00faltima jornada<\/span><\/a><\/p>\n\n\n\n<p>El fin de semana de la discordia corresponde al 18 y 19 de septiembre, cuando el suizo tendr\u00e1 que sacrificar los puntos en una de las dos contiendas en las que ha decidido participar esta zafra.<\/p>\n\n\n\n<h2 class=\"wp-block-heading\" id=\"h-camino-cerrado\"><strong>Camino cerrado<\/strong><\/h2>\n\n\n\n<p>\u201cEn la primavera permit\u00ed que Domi condujera en el Campeonato del Mundo de Supersport para Ten Kate Yamaha con la \u00fanica condici\u00f3n de que MotoE tuviera prioridad en caso de un choque de fechas. Es por eso que realmente no se nos puede acusar de nada\u00bb, sostuvo Lingg.<\/p>\n\n\n\n<p>Aunque el choque de fechas llega en un momento decisivo para Aegerter con la esperanza de ganar la corona de Supersport, centrarse en MotoE podr\u00eda resultar beneficioso para el piloto suizo.<\/p>\n\n\n\n<figure class=\"wp-block-gallery columns-1 is-cropped wp-block-gallery-1 is-layout-flex wp-block-gallery-is-layout-flex\"><ul class=\"blocks-gallery-grid\"><li class=\"blocks-gallery-item\"><figure><img fetchpriority=\"high\" decoding=\"async\" width=\"1024\" height=\"683\" src=\"https:\/\/greensportsnews.com\/wp-content\/uploads\/2021\/08\/LING-2-1024x683.jpg\" alt=\"\" data-id=\"11005\" data-full-url=\"https:\/\/greensportsnews.com\/wp-content\/uploads\/2021\/08\/LING-2.jpg\" data-link=\"https:\/\/greensportsnews.com\/es\/?attachment_id=11005\" class=\"wp-image-11005\" srcset=\"https:\/\/greensportsnews.com\/wp-content\/uploads\/2021\/08\/LING-2-1024x683.jpg 1024w, https:\/\/greensportsnews.com\/wp-content\/uploads\/2021\/08\/LING-2-300x200.jpg 300w, https:\/\/greensportsnews.com\/wp-content\/uploads\/2021\/08\/LING-2-768x512.jpg 768w, https:\/\/greensportsnews.com\/wp-content\/uploads\/2021\/08\/LING-2-1536x1024.jpg 1536w, https:\/\/greensportsnews.com\/wp-content\/uploads\/2021\/08\/LING-2-2048x1365.jpg 2048w, https:\/\/greensportsnews.com\/wp-content\/uploads\/2021\/08\/LING-2-750x500.jpg 750w, https:\/\/greensportsnews.com\/wp-content\/uploads\/2021\/08\/LING-2-1140x760.jpg 1140w\" sizes=\"(max-width: 1024px) 100vw, 1024px\" \/><\/figure><\/li><\/ul><\/figure>\n\n\n\n<p>Un doble triunfo en Misano, Italia, jornada final de la serie el\u00e9ctrica, dar\u00eda serias opciones al corredor en la contienda por el t\u00edtulo. En este momento se encuentra a 11 puntos por detr\u00e1s del l\u00edder, Alessandro Zaccone.<\/p>\n\n\n\n<p>En lo que a la Supersport respecta, Aegerter est\u00e1 m\u00e1s holgado en la primera plaza. Tiene una ventaja de 37 puntos sobre Steven Odendaal.<\/p>\n\n\n\n<p>Aegerter ha demostrado ser una revelaci\u00f3n en su primera temporada de carreras de Supersport y, si sigue adelante y gana el t\u00edtulo, devolver\u00e1 al equipo de Ten Kate Racing a la cima del podio por primera vez desde 2014.<\/p>\n\n\n\n<p><strong>Redacci\u00f3n I<\/strong> Jhonattan Gonz\u00e1lez<\/p>\n","protected":false},"excerpt":{"rendered":"<p>El piloto Dominique Aegerter vive un momento inc\u00f3modo en una parte crucial de las temporadas en las distintas categor\u00edas de motociclismo mundial. Tal como lo rese\u00f1\u00f3 Green Racing News hace pocos d\u00edas, el suizo se encontr\u00f3 con un choque de calendarios entre las dos competencias que disputa a la vez: MotoE y el Campeonato Mundial [&hellip;]<\/p>\n","protected":false},"author":7,"featured_media":11003,"comment_status":"closed","ping_status":"closed","sticky":false,"template":"","format":"standard","meta":{"jnews-multi-image_gallery":[],"jnews_single_post":{"subtitle":"","format":"standard","video":"","gallery":"","source_name":"","source_url":"","via_name":"","via_url":"","override":[{"single_blog_custom":"","sidebar":"","second_sidebar":"","share_position":"","share_float_style":"","post_date_format":"","post_date_format_custom":"","post_reading_time_wpm":"","zoom_button_out_step":"1","zoom_button_in_step":"1","number_popup_post":"1"}],"image_override":[{"single_post_thumbnail_size":"","single_post_gallery_size":""}],"trending_post_position":"","trending_post_label":"","sponsored_post_label":"","sponsored_post_name":"","sponsored_post_url":"","sponsored_post_logo":"","sponsored_post_desc":""},"jnews_primary_category":{"id":""},"jnews_override_counter":{"view_counter_number":"0","share_counter_number":"0","like_counter_number":"0","dislike_counter_number":"0"},"footnotes":""},"categories":[48],"tags":[2023,536,2506,515,2426],"class_list":["post-11002","post","type-post","status-publish","format-standard","has-post-thumbnail","hentry","category-sin-categorizar","tag-copa-del-mundo-fim-enel-motoe","tag-dominique-aegerter","tag-jurgen-lingg","tag-motoe-2","tag-supersport"],"yoast_head":"<!-- This site is optimized with the Yoast SEO Premium plugin v22.7 (Yoast SEO v26.3) - https:\/\/yoast.com\/wordpress\/plugins\/seo\/ -->\n<title>MotoE: Director de Intac GP advierte a la Supersport que no ceder\u00e1 a Aegerter ante el cruce de carreras - Green Racing News<\/title>\n<meta name=\"description\" content=\"El piloto Dominique Aegerter vive un momento inc\u00f3modo en una parte crucial de las temporadas en las distintas categor\u00edas\" \/>\n<meta name=\"robots\" content=\"index, follow, max-snippet:-1, max-image-preview:large, max-video-preview:-1\" \/>\n<link rel=\"canonical\" href=\"https:\/\/greensportsnews.com\/es\/motoe-director-de-intac-gp-advierte-a-la-supersport-que-no-cedera-a-aegerter-ante-el-cruce-de-carreras\/\" \/>\n<meta property=\"og:locale\" content=\"es_ES\" \/>\n<meta property=\"og:type\" content=\"article\" \/>\n<meta property=\"og:title\" content=\"MotoE: Director de Intac GP advierte a la Supersport que no ceder\u00e1 a Aegerter ante el cruce de carreras\" \/>\n<meta property=\"og:description\" content=\"El piloto Dominique Aegerter vive un momento inc\u00f3modo en una parte crucial de las temporadas en las distintas categor\u00edas\" \/>\n<meta property=\"og:url\" content=\"https:\/\/greensportsnews.com\/es\/motoe-director-de-intac-gp-advierte-a-la-supersport-que-no-cedera-a-aegerter-ante-el-cruce-de-carreras\/\" \/>\n<meta property=\"og:site_name\" content=\"Green Racing News\" \/>\n<meta property=\"article:publisher\" content=\"https:\/\/www.facebook.com\/greensportsnews\" \/>\n<meta property=\"article:published_time\" content=\"2021-08-20T12:15:17+00:00\" \/>\n<meta property=\"article:modified_time\" content=\"2021-08-20T12:15:18+00:00\" \/>\n<meta property=\"og:image\" content=\"https:\/\/greensportsnews.com\/wp-content\/uploads\/2021\/08\/LING-1.jpg\" \/>\n\t<meta property=\"og:image:width\" content=\"1500\" \/>\n\t<meta property=\"og:image:height\" content=\"1000\" \/>\n\t<meta property=\"og:image:type\" content=\"image\/jpeg\" \/>\n<meta name=\"author\" content=\"Antonio Vilela\" \/>\n<meta name=\"twitter:card\" content=\"summary_large_image\" \/>\n<meta name=\"twitter:title\" content=\"MotoE: Director de Intac GP advierte a la Supersport que no ceder\u00e1 a Aegerter ante el cruce de carreras\" \/>\n<meta name=\"twitter:description\" content=\"El piloto Dominique Aegerter vive un momento inc\u00f3modo en una parte crucial de las temporadas en las distintas categor\u00edas\" \/>\n<meta name=\"twitter:creator\" content=\"@antoniovilela\" \/>\n<meta name=\"twitter:site\" content=\"@Greenracingnews\" \/>\n<meta name=\"twitter:label1\" content=\"Escrito por\" \/>\n\t<meta name=\"twitter:data1\" content=\"Antonio Vilela\" \/>\n\t<meta name=\"twitter:label2\" content=\"Tiempo de lectura\" \/>\n\t<meta name=\"twitter:data2\" content=\"2 minutos\" \/>\n<script type=\"application\/ld+json\" class=\"yoast-schema-graph\">{\"@context\":\"https:\/\/schema.org\",\"@graph\":[{\"@type\":\"NewsArticle\",\"@id\":\"https:\/\/greensportsnews.com\/es\/motoe-director-de-intac-gp-advierte-a-la-supersport-que-no-cedera-a-aegerter-ante-el-cruce-de-carreras\/#article\",\"isPartOf\":{\"@id\":\"https:\/\/greensportsnews.com\/es\/motoe-director-de-intac-gp-advierte-a-la-supersport-que-no-cedera-a-aegerter-ante-el-cruce-de-carreras\/\"},\"author\":{\"name\":\"Antonio Vilela\",\"@id\":\"https:\/\/greensportsnews.com\/es\/#\/schema\/person\/cec89cd9572eb1169a2f35856f6ee4d2\"},\"headline\":\"MotoE: Director de Intac GP advierte a la Supersport que no ceder\u00e1 a Aegerter ante el cruce de carreras\",\"datePublished\":\"2021-08-20T12:15:17+00:00\",\"dateModified\":\"2021-08-20T12:15:18+00:00\",\"mainEntityOfPage\":{\"@id\":\"https:\/\/greensportsnews.com\/es\/motoe-director-de-intac-gp-advierte-a-la-supersport-que-no-cedera-a-aegerter-ante-el-cruce-de-carreras\/\"},\"wordCount\":425,\"publisher\":{\"@id\":\"https:\/\/greensportsnews.com\/es\/#organization\"},\"image\":{\"@id\":\"https:\/\/greensportsnews.com\/es\/motoe-director-de-intac-gp-advierte-a-la-supersport-que-no-cedera-a-aegerter-ante-el-cruce-de-carreras\/#primaryimage\"},\"thumbnailUrl\":\"https:\/\/greensportsnews.com\/wp-content\/uploads\/2021\/08\/LING-1.jpg\",\"keywords\":[\"Copa del Mundo FIM Enel MotoE\",\"Dominique Aegerter\",\"Jurgen Lingg\",\"MotoE\",\"Supersport\"],\"articleSection\":[\"Sin categorizar\"],\"inLanguage\":\"es\",\"copyrightYear\":\"2021\",\"copyrightHolder\":{\"@id\":\"https:\/\/greensportsnews.com\/#organization\"}},{\"@type\":\"WebPage\",\"@id\":\"https:\/\/greensportsnews.com\/es\/motoe-director-de-intac-gp-advierte-a-la-supersport-que-no-cedera-a-aegerter-ante-el-cruce-de-carreras\/\",\"url\":\"https:\/\/greensportsnews.com\/es\/motoe-director-de-intac-gp-advierte-a-la-supersport-que-no-cedera-a-aegerter-ante-el-cruce-de-carreras\/\",\"name\":\"MotoE: Director de Intac GP advierte a la Supersport que no ceder\u00e1 a Aegerter ante el cruce de carreras - Green Racing News\",\"isPartOf\":{\"@id\":\"https:\/\/greensportsnews.com\/es\/#website\"},\"primaryImageOfPage\":{\"@id\":\"https:\/\/greensportsnews.com\/es\/motoe-director-de-intac-gp-advierte-a-la-supersport-que-no-cedera-a-aegerter-ante-el-cruce-de-carreras\/#primaryimage\"},\"image\":{\"@id\":\"https:\/\/greensportsnews.com\/es\/motoe-director-de-intac-gp-advierte-a-la-supersport-que-no-cedera-a-aegerter-ante-el-cruce-de-carreras\/#primaryimage\"},\"thumbnailUrl\":\"https:\/\/greensportsnews.com\/wp-content\/uploads\/2021\/08\/LING-1.jpg\",\"datePublished\":\"2021-08-20T12:15:17+00:00\",\"dateModified\":\"2021-08-20T12:15:18+00:00\",\"description\":\"El piloto Dominique Aegerter vive un momento inc\u00f3modo en una parte crucial de las temporadas en las distintas categor\u00edas\",\"breadcrumb\":{\"@id\":\"https:\/\/greensportsnews.com\/es\/motoe-director-de-intac-gp-advierte-a-la-supersport-que-no-cedera-a-aegerter-ante-el-cruce-de-carreras\/#breadcrumb\"},\"inLanguage\":\"es\",\"potentialAction\":[{\"@type\":\"ReadAction\",\"target\":[\"https:\/\/greensportsnews.com\/es\/motoe-director-de-intac-gp-advierte-a-la-supersport-que-no-cedera-a-aegerter-ante-el-cruce-de-carreras\/\"]}]},{\"@type\":\"ImageObject\",\"inLanguage\":\"es\",\"@id\":\"https:\/\/greensportsnews.com\/es\/motoe-director-de-intac-gp-advierte-a-la-supersport-que-no-cedera-a-aegerter-ante-el-cruce-de-carreras\/#primaryimage\",\"url\":\"https:\/\/greensportsnews.com\/wp-content\/uploads\/2021\/08\/LING-1.jpg\",\"contentUrl\":\"https:\/\/greensportsnews.com\/wp-content\/uploads\/2021\/08\/LING-1.jpg\",\"width\":1500,\"height\":1000},{\"@type\":\"BreadcrumbList\",\"@id\":\"https:\/\/greensportsnews.com\/es\/motoe-director-de-intac-gp-advierte-a-la-supersport-que-no-cedera-a-aegerter-ante-el-cruce-de-carreras\/#breadcrumb\",\"itemListElement\":[{\"@type\":\"ListItem\",\"position\":1,\"name\":\"Home\",\"item\":\"https:\/\/greensportsnews.com\/es\/\"},{\"@type\":\"ListItem\",\"position\":2,\"name\":\"MotoE: Director de Intac GP advierte a la Supersport que no ceder\u00e1 a Aegerter ante el cruce de carreras\"}]},{\"@type\":\"WebSite\",\"@id\":\"https:\/\/greensportsnews.com\/es\/#website\",\"url\":\"https:\/\/greensportsnews.com\/es\/\",\"name\":\"Green Sports News\",\"description\":\"Sustainable Sports community &amp; news\",\"publisher\":{\"@id\":\"https:\/\/greensportsnews.com\/es\/#organization\"},\"alternateName\":\"GSN\",\"potentialAction\":[{\"@type\":\"SearchAction\",\"target\":{\"@type\":\"EntryPoint\",\"urlTemplate\":\"https:\/\/greensportsnews.com\/es\/?s={search_term_string}\"},\"query-input\":{\"@type\":\"PropertyValueSpecification\",\"valueRequired\":true,\"valueName\":\"search_term_string\"}}],\"inLanguage\":\"es\"},{\"@type\":\"Organization\",\"@id\":\"https:\/\/greensportsnews.com\/es\/#organization\",\"name\":\"Green Racing News\",\"url\":\"https:\/\/greensportsnews.com\/es\/\",\"logo\":{\"@type\":\"ImageObject\",\"inLanguage\":\"es\",\"@id\":\"https:\/\/greensportsnews.com\/es\/#\/schema\/logo\/image\/\",\"url\":\"https:\/\/greensportsnews.com\/wp-content\/uploads\/2020\/12\/logo.png\",\"contentUrl\":\"https:\/\/greensportsnews.com\/wp-content\/uploads\/2020\/12\/logo.png\",\"width\":328,\"height\":96,\"caption\":\"Green Racing News\"},\"image\":{\"@id\":\"https:\/\/greensportsnews.com\/es\/#\/schema\/logo\/image\/\"},\"sameAs\":[\"https:\/\/www.facebook.com\/greensportsnews\",\"https:\/\/x.com\/Greenracingnews\",\"https:\/\/www.instagram.com\/greensportsnews\/\",\"https:\/\/www.linkedin.com\/company\/greensportsnews\",\"https:\/\/www.youtube.com\/@greensportsnews\"]},{\"@type\":\"Person\",\"@id\":\"https:\/\/greensportsnews.com\/es\/#\/schema\/person\/cec89cd9572eb1169a2f35856f6ee4d2\",\"name\":\"Antonio Vilela\",\"image\":{\"@type\":\"ImageObject\",\"inLanguage\":\"es\",\"@id\":\"https:\/\/greensportsnews.com\/es\/#\/schema\/person\/image\/\",\"url\":\"https:\/\/secure.gravatar.com\/avatar\/7eee8196fd2fda180806d7b41cd517f274d5ad3b9f65d873feb3ca7e2b3a72d2?s=96&d=mm&r=g\",\"contentUrl\":\"https:\/\/secure.gravatar.com\/avatar\/7eee8196fd2fda180806d7b41cd517f274d5ad3b9f65d873feb3ca7e2b3a72d2?s=96&d=mm&r=g\",\"caption\":\"Antonio Vilela\"},\"sameAs\":[\"https:\/\/x.com\/antoniovilela\"],\"url\":\"https:\/\/greensportsnews.com\/es\/author\/antoniovilela\/\"}]}<\/script>\n<!-- \/ Yoast SEO Premium plugin. -->","yoast_head_json":{"title":"MotoE: Director de Intac GP advierte a la Supersport que no ceder\u00e1 a Aegerter ante el cruce de carreras - Green Racing News","description":"El piloto Dominique Aegerter vive un momento inc\u00f3modo en una parte crucial de las temporadas en las distintas categor\u00edas","robots":{"index":"index","follow":"follow","max-snippet":"max-snippet:-1","max-image-preview":"max-image-preview:large","max-video-preview":"max-video-preview:-1"},"canonical":"https:\/\/greensportsnews.com\/es\/motoe-director-de-intac-gp-advierte-a-la-supersport-que-no-cedera-a-aegerter-ante-el-cruce-de-carreras\/","og_locale":"es_ES","og_type":"article","og_title":"MotoE: Director de Intac GP advierte a la Supersport que no ceder\u00e1 a Aegerter ante el cruce de carreras","og_description":"El piloto Dominique Aegerter vive un momento inc\u00f3modo en una parte crucial de las temporadas en las distintas categor\u00edas","og_url":"https:\/\/greensportsnews.com\/es\/motoe-director-de-intac-gp-advierte-a-la-supersport-que-no-cedera-a-aegerter-ante-el-cruce-de-carreras\/","og_site_name":"Green Racing News","article_publisher":"https:\/\/www.facebook.com\/greensportsnews","article_published_time":"2021-08-20T12:15:17+00:00","article_modified_time":"2021-08-20T12:15:18+00:00","og_image":[{"width":1500,"height":1000,"url":"https:\/\/greensportsnews.com\/wp-content\/uploads\/2021\/08\/LING-1.jpg","type":"image\/jpeg"}],"author":"Antonio Vilela","twitter_card":"summary_large_image","twitter_title":"MotoE: Director de Intac GP advierte a la Supersport que no ceder\u00e1 a Aegerter ante el cruce de carreras","twitter_description":"El piloto Dominique Aegerter vive un momento inc\u00f3modo en una parte crucial de las temporadas en las distintas categor\u00edas","twitter_creator":"@antoniovilela","twitter_site":"@Greenracingnews","twitter_misc":{"Escrito por":"Antonio Vilela","Tiempo de lectura":"2 minutos"},"schema":{"@context":"https:\/\/schema.org","@graph":[{"@type":"NewsArticle","@id":"https:\/\/greensportsnews.com\/es\/motoe-director-de-intac-gp-advierte-a-la-supersport-que-no-cedera-a-aegerter-ante-el-cruce-de-carreras\/#article","isPartOf":{"@id":"https:\/\/greensportsnews.com\/es\/motoe-director-de-intac-gp-advierte-a-la-supersport-que-no-cedera-a-aegerter-ante-el-cruce-de-carreras\/"},"author":{"name":"Antonio Vilela","@id":"https:\/\/greensportsnews.com\/es\/#\/schema\/person\/cec89cd9572eb1169a2f35856f6ee4d2"},"headline":"MotoE: Director de Intac GP advierte a la Supersport que no ceder\u00e1 a Aegerter ante el cruce de carreras","datePublished":"2021-08-20T12:15:17+00:00","dateModified":"2021-08-20T12:15:18+00:00","mainEntityOfPage":{"@id":"https:\/\/greensportsnews.com\/es\/motoe-director-de-intac-gp-advierte-a-la-supersport-que-no-cedera-a-aegerter-ante-el-cruce-de-carreras\/"},"wordCount":425,"publisher":{"@id":"https:\/\/greensportsnews.com\/es\/#organization"},"image":{"@id":"https:\/\/greensportsnews.com\/es\/motoe-director-de-intac-gp-advierte-a-la-supersport-que-no-cedera-a-aegerter-ante-el-cruce-de-carreras\/#primaryimage"},"thumbnailUrl":"https:\/\/greensportsnews.com\/wp-content\/uploads\/2021\/08\/LING-1.jpg","keywords":["Copa del Mundo FIM Enel MotoE","Dominique Aegerter","Jurgen Lingg","MotoE","Supersport"],"articleSection":["Sin categorizar"],"inLanguage":"es","copyrightYear":"2021","copyrightHolder":{"@id":"https:\/\/greensportsnews.com\/#organization"}},{"@type":"WebPage","@id":"https:\/\/greensportsnews.com\/es\/motoe-director-de-intac-gp-advierte-a-la-supersport-que-no-cedera-a-aegerter-ante-el-cruce-de-carreras\/","url":"https:\/\/greensportsnews.com\/es\/motoe-director-de-intac-gp-advierte-a-la-supersport-que-no-cedera-a-aegerter-ante-el-cruce-de-carreras\/","name":"MotoE: Director de Intac GP advierte a la Supersport que no ceder\u00e1 a Aegerter ante el cruce de carreras - Green Racing News","isPartOf":{"@id":"https:\/\/greensportsnews.com\/es\/#website"},"primaryImageOfPage":{"@id":"https:\/\/greensportsnews.com\/es\/motoe-director-de-intac-gp-advierte-a-la-supersport-que-no-cedera-a-aegerter-ante-el-cruce-de-carreras\/#primaryimage"},"image":{"@id":"https:\/\/greensportsnews.com\/es\/motoe-director-de-intac-gp-advierte-a-la-supersport-que-no-cedera-a-aegerter-ante-el-cruce-de-carreras\/#primaryimage"},"thumbnailUrl":"https:\/\/greensportsnews.com\/wp-content\/uploads\/2021\/08\/LING-1.jpg","datePublished":"2021-08-20T12:15:17+00:00","dateModified":"2021-08-20T12:15:18+00:00","description":"El piloto Dominique Aegerter vive un momento inc\u00f3modo en una parte crucial de las temporadas en las distintas categor\u00edas","breadcrumb":{"@id":"https:\/\/greensportsnews.com\/es\/motoe-director-de-intac-gp-advierte-a-la-supersport-que-no-cedera-a-aegerter-ante-el-cruce-de-carreras\/#breadcrumb"},"inLanguage":"es","potentialAction":[{"@type":"ReadAction","target":["https:\/\/greensportsnews.com\/es\/motoe-director-de-intac-gp-advierte-a-la-supersport-que-no-cedera-a-aegerter-ante-el-cruce-de-carreras\/"]}]},{"@type":"ImageObject","inLanguage":"es","@id":"https:\/\/greensportsnews.com\/es\/motoe-director-de-intac-gp-advierte-a-la-supersport-que-no-cedera-a-aegerter-ante-el-cruce-de-carreras\/#primaryimage","url":"https:\/\/greensportsnews.com\/wp-content\/uploads\/2021\/08\/LING-1.jpg","contentUrl":"https:\/\/greensportsnews.com\/wp-content\/uploads\/2021\/08\/LING-1.jpg","width":1500,"height":1000},{"@type":"BreadcrumbList","@id":"https:\/\/greensportsnews.com\/es\/motoe-director-de-intac-gp-advierte-a-la-supersport-que-no-cedera-a-aegerter-ante-el-cruce-de-carreras\/#breadcrumb","itemListElement":[{"@type":"ListItem","position":1,"name":"Home","item":"https:\/\/greensportsnews.com\/es\/"},{"@type":"ListItem","position":2,"name":"MotoE: Director de Intac GP advierte a la Supersport que no ceder\u00e1 a Aegerter ante el cruce de carreras"}]},{"@type":"WebSite","@id":"https:\/\/greensportsnews.com\/es\/#website","url":"https:\/\/greensportsnews.com\/es\/","name":"Green Sports News","description":"Sustainable Sports community &amp; news","publisher":{"@id":"https:\/\/greensportsnews.com\/es\/#organization"},"alternateName":"GSN","potentialAction":[{"@type":"SearchAction","target":{"@type":"EntryPoint","urlTemplate":"https:\/\/greensportsnews.com\/es\/?s={search_term_string}"},"query-input":{"@type":"PropertyValueSpecification","valueRequired":true,"valueName":"search_term_string"}}],"inLanguage":"es"},{"@type":"Organization","@id":"https:\/\/greensportsnews.com\/es\/#organization","name":"Green Racing News","url":"https:\/\/greensportsnews.com\/es\/","logo":{"@type":"ImageObject","inLanguage":"es","@id":"https:\/\/greensportsnews.com\/es\/#\/schema\/logo\/image\/","url":"https:\/\/greensportsnews.com\/wp-content\/uploads\/2020\/12\/logo.png","contentUrl":"https:\/\/greensportsnews.com\/wp-content\/uploads\/2020\/12\/logo.png","width":328,"height":96,"caption":"Green Racing News"},"image":{"@id":"https:\/\/greensportsnews.com\/es\/#\/schema\/logo\/image\/"},"sameAs":["https:\/\/www.facebook.com\/greensportsnews","https:\/\/x.com\/Greenracingnews","https:\/\/www.instagram.com\/greensportsnews\/","https:\/\/www.linkedin.com\/company\/greensportsnews","https:\/\/www.youtube.com\/@greensportsnews"]},{"@type":"Person","@id":"https:\/\/greensportsnews.com\/es\/#\/schema\/person\/cec89cd9572eb1169a2f35856f6ee4d2","name":"Antonio Vilela","image":{"@type":"ImageObject","inLanguage":"es","@id":"https:\/\/greensportsnews.com\/es\/#\/schema\/person\/image\/","url":"https:\/\/secure.gravatar.com\/avatar\/7eee8196fd2fda180806d7b41cd517f274d5ad3b9f65d873feb3ca7e2b3a72d2?s=96&d=mm&r=g","contentUrl":"https:\/\/secure.gravatar.com\/avatar\/7eee8196fd2fda180806d7b41cd517f274d5ad3b9f65d873feb3ca7e2b3a72d2?s=96&d=mm&r=g","caption":"Antonio Vilela"},"sameAs":["https:\/\/x.com\/antoniovilela"],"url":"https:\/\/greensportsnews.com\/es\/author\/antoniovilela\/"}]}},"_links":{"self":[{"href":"https:\/\/greensportsnews.com\/es\/wp-json\/wp\/v2\/posts\/11002","targetHints":{"allow":["GET"]}}],"collection":[{"href":"https:\/\/greensportsnews.com\/es\/wp-json\/wp\/v2\/posts"}],"about":[{"href":"https:\/\/greensportsnews.com\/es\/wp-json\/wp\/v2\/types\/post"}],"author":[{"embeddable":true,"href":"https:\/\/greensportsnews.com\/es\/wp-json\/wp\/v2\/users\/7"}],"replies":[{"embeddable":true,"href":"https:\/\/greensportsnews.com\/es\/wp-json\/wp\/v2\/comments?post=11002"}],"version-history":[{"count":1,"href":"https:\/\/greensportsnews.com\/es\/wp-json\/wp\/v2\/posts\/11002\/revisions"}],"predecessor-version":[{"id":11007,"href":"https:\/\/greensportsnews.com\/es\/wp-json\/wp\/v2\/posts\/11002\/revisions\/11007"}],"wp:featuredmedia":[{"embeddable":true,"href":"https:\/\/greensportsnews.com\/es\/wp-json\/wp\/v2\/media\/11003"}],"wp:attachment":[{"href":"https:\/\/greensportsnews.com\/es\/wp-json\/wp\/v2\/media?parent=11002"}],"wp:term":[{"taxonomy":"category","embeddable":true,"href":"https:\/\/greensportsnews.com\/es\/wp-json\/wp\/v2\/categories?post=11002"},{"taxonomy":"post_tag","embeddable":true,"href":"https:\/\/greensportsnews.com\/es\/wp-json\/wp\/v2\/tags?post=11002"}],"curies":[{"name":"wp","href":"https:\/\/api.w.org\/{rel}","templated":true}]}}